{"id":719,"date":"2020-12-10T14:26:34","date_gmt":"2020-12-10T14:26:34","guid":{"rendered":"https:\/\/dagvanhetonderwijsumcutrecht.nl\/?p=719"},"modified":"2020-12-10T14:26:34","modified_gmt":"2020-12-10T14:26:34","slug":"compliment-voor-gonul-dilaver","status":"publish","type":"post","link":"https:\/\/2020.dagvanhetonderwijsumcutrecht.nl\/en\/2020\/12\/10\/compliment-voor-gonul-dilaver\/","title":{"rendered":"Compliment voor G\u00f6n\u00fcl Dilaver"},"content":{"rendered":"<p>G\u00f6n\u00fcl, complimenten voor hoe jij je inzet voor de minder zichtbare studenten en medewerkers. Dank voor al je inzet op gebied van inclusie!<\/p>","protected":false},"excerpt":{"rendered":"<p>G\u00f6n\u00fcl, complimenten voor hoe jij je inzet voor de minder zichtbare studenten en medewerkers. Dank voor al je inzet op gebied van inclusie!<\/p>","protected":false},"author":2,"featured_media":0,"comment_status":"closed","ping_status":"open","sticky":false,"template":"","format":"standard","meta":{"_kad_post_transparent":"","_kad_post_title":"","_kad_post_layout":"","_kad_post_sidebar_id":"","_kad_post_content_style":"","_kad_post_vertical_padding":"","_kad_post_feature":"","_kad_post_feature_position":"","_kad_post_header":false,"_kad_post_footer":false},"categories":[5],"tags":[],"_links":{"self":[{"href":"https:\/\/2020.dagvanhetonderwijsumcutrecht.nl\/en\/wp-json\/wp\/v2\/posts\/719"}],"collection":[{"href":"https:\/\/2020.dagvanhetonderwijsumcutrecht.nl\/en\/wp-json\/wp\/v2\/posts"}],"about":[{"href":"https:\/\/2020.dagvanhetonderwijsumcutrecht.nl\/en\/wp-json\/wp\/v2\/types\/post"}],"author":[{"embeddable":true,"href":"https:\/\/2020.dagvanhetonderwijsumcutrecht.nl\/en\/wp-json\/wp\/v2\/users\/2"}],"replies":[{"embeddable":true,"href":"https:\/\/2020.dagvanhetonderwijsumcutrecht.nl\/en\/wp-json\/wp\/v2\/comments?post=719"}],"version-history":[{"count":1,"href":"https:\/\/2020.dagvanhetonderwijsumcutrecht.nl\/en\/wp-json\/wp\/v2\/posts\/719\/revisions"}],"predecessor-version":[{"id":720,"href":"https:\/\/2020.dagvanhetonderwijsumcutrecht.nl\/en\/wp-json\/wp\/v2\/posts\/719\/revisions\/720"}],"wp:attachment":[{"href":"https:\/\/2020.dagvanhetonderwijsumcutrecht.nl\/en\/wp-json\/wp\/v2\/media?parent=719"}],"wp:term":[{"taxonomy":"category","embeddable":true,"href":"https:\/\/2020.dagvanhetonderwijsumcutrecht.nl\/en\/wp-json\/wp\/v2\/categories?post=719"},{"taxonomy":"post_tag","embeddable":true,"href":"https:\/\/2020.dagvanhetonderwijsumcutrecht.nl\/en\/wp-json\/wp\/v2\/tags?post=719"}],"curies":[{"name":"wp","href":"https:\/\/api.w.org\/{rel}","templated":true}]}}